{"id":338,"date":"2015-10-12T16:29:54","date_gmt":"2015-10-12T14:29:54","guid":{"rendered":"https:\/\/www.dr-trotta.fr\/2023\/03\/13\/alergias-de-primavera-la-solucion-natural\/"},"modified":"2024-10-09T10:54:53","modified_gmt":"2024-10-09T08:54:53","slug":"alergias-de-primavera-la-solucion-natural-html","status":"publish","type":"post","link":"https:\/\/www.dr-trotta.fr\/es\/alergias-de-primavera-la-solucion-natural-html\/","title":{"rendered":"Alergias primaverales"},"content":{"rendered":"\n<p>\u00bfC\u00f3mo se pueden prevenir y curar las alergias de forma natural, sin f\u00e1rmacos ni efectos secundarios?<\/p>\n\n<div class=\"youtube\"> <\/div>\n\n<p><strong>Alergias primaverales, la soluci\u00f3n natural: la medicina natural del Doctor Trotta<\/strong><\/p>\n\n<p><img decoding=\"async\" class=\"img-responsive\" style=\"margin-right: 5px; margin-left: 5px; float: left;\" src=\"https:\/\/www.dr-trotta.fr\/wp-content\/uploads\/thelia\/upload\/DESSINS\/10Allergies%20pollen.png\" alt=\"\"\/>Llega la primavera, con sus ataques de fiebre del heno y alergias al polen y a diversas gram\u00edneas. Estas alergias suelen acumularse en mayo-junio-julio<\/p>\n\n<p>Hay que preparar el terreno ya en marzo, abril y mayo para reducir considerablemente estos s\u00edntomas nocivos y desagradables.<\/p>\n\n<p>\u00bfQui\u00e9n quiere tener mocos toda la primavera, estornudos a todas horas y ardor en los ojos? nadie, por supuesto.<\/p>\n\n<p>La medicina alop\u00e1tica no tiene ninguna soluci\u00f3n para curar estas alergias primaverales porque s\u00f3lo ofrece paliativos:<\/p>\n\n<p>&#8211; antihistam\u00ednicos, que reducen los s\u00edntomas, pero en cuanto se dejan de tomar, las alergias vuelven con m\u00e1s fuerza.<\/p>\n\n<p>&#8211; o la cortisona, que tiene efectos peligrosos a largo plazo: los corticoides tomados con demasiada frecuencia debilitan considerablemente la piel (s\u00edndrome de la piel roja), aumentan el riesgo de infecciones, c\u00e1ncer y cataratas, por no hablar de que favorecen la diabetes.  <\/p>\n\n<p>En lugar de tratar las alergias con medicamentos qu\u00edmicos, el Instituto de Medicina Natural del Dr. Trotta ofrece un m\u00e9todo mucho m\u00e1s natural, eficaz y probado.<\/p>\n\n<p><strong>1\/ Refuerce su flora intestinal tomando <span style=\"color: #3366ff;\"><a href=\"https:\/\/app.dr-trotta.com\/infection-et-allergies\/intestin-immunite-allergies-3-mois-prodocta-90\" target=\"_blank\" rel=\"noreferrer noopener\">PRODOCTA<\/a><\/span>.<\/strong><\/p>\n\n<p>Estas 8 cepas de fermentos l\u00e1cticos, especialmente seleccionadas para equilibrar su microbiota intestinal, reducir\u00e1n el riesgo de alergia en el centro del principal sistema inmunitario: el intestino.<\/p>\n\n<p>Numerosos estudios* han demostrado que una flora intestinal equilibrada reduce considerablemente las alergias y las infecciones.<\/p>\n\n<p>Una sola c\u00e1psula al d\u00eda, tomada antes del desayuno durante todo el periodo al\u00e9rgico, es decir, de marzo a junio, reducir\u00e1 considerablemente las alergias y sus s\u00edntomas, prevendr\u00e1 las infecciones y aumentar\u00e1 su resistencia al estr\u00e9s.<\/p>\n\n<p>Una vez realizado este tratamiento, el efecto dura varios meses. S\u00f3lo si los s\u00edntomas reaparecen, tomarla durante un mes ser\u00e1 suficiente para resembrar su flora intestinal.<\/p>\n\n<p><strong>2\/ Reduzca la microinflamaci\u00f3n y nutra su mucosa intestinal con los Omega3 seleccionados por el Dr. Trotta: <span style=\"color: #3366ff;\"><a href=\"https:\/\/app.dr-trotta.com\/produits-phare\/coeur-cerveau-peau-3-mois-omedocta-90\" target=\"_blank\" rel=\"noreferrer noopener\">OMEDOCTA<\/a><\/span><\/strong>, que trabajar\u00e1 en simbiosis con PRODOCTA para equilibrar su intestino en profundidad. El intestino es la causa de las alergias. Cuidar el intestino significa reforzar la digesti\u00f3n, asimilar los alimentos con mayor facilidad y sin molestias y aumentar la resistencia a las infecciones, las alergias y el estr\u00e9s. Porque tu intestino es un doble cerebro: emocional e inmunol\u00f3gico.<\/p>\n\n<p><strong>3\/ Estimule su h\u00edgado, que es el filtro del sistema digestivo.<\/strong><\/p>\n\n<p>En primavera, es el momento de una buena desintoxicaci\u00f3n para limpiar el h\u00edgado de las toxinas acumuladas durante los excesos del invierno.<\/p>\n\n<p>No hay mejor manera de hacerlo que con el escurridor Detox <strong>\n  <span style=\"color: #3366ff;\">\n    <a href=\"https:\/\/app.dr-trotta.com\/infection-et-allergies\/draineur-detox-microjeun-drenadocta\" target=\"_blank\" rel=\"noreferrer noopener\">DRENADOCTA <\/a>\n  <\/span>\n<\/strong>de Dr Trotta.<\/p>\n\n<p>Este potente drenante natural contiene diente de le\u00f3n y r\u00e1bano negro para estimular el h\u00edgado, comino de los prados e hinojo para estimular el tr\u00e1nsito y la digesti\u00f3n, y cereza, apio de monte y apio para desintoxicar.<\/p>\n\n<p><strong>4\/ La vitamina<\/strong> C es antial\u00e9rgica porque es antihistam\u00ednica.<br\/>Tomar <strong>\n  <a href=\"https:\/\/app.dr-trotta.com\/produits-phare\/vit-c-pure-en-poudre-c-docta\" target=\"_blank\" rel=\"noreferrer noopener\">\n    <span style=\"color: #3366ff;\">\u00c1cido asc\u00f3rbico C-DOCTA L<\/span>\n  <\/a>\n<\/strong> <br\/>1 cucharadita al d\u00eda como medida preventiva en un vaso de agua.  <\/p>\n\n<p>1 cuchara de postre colmada en caso de s\u00edntomas de alergia.<\/p>\n\n<p>3 cucharaditas si tienes gripe o covid, es extremadamente efectivo y no tiene efectos secundarios.<\/p>\n\n<p>Si tiene un est\u00f3mago sensible, el Dr. Trotta recomienda <strong>\n  <a href=\"https:\/\/app.dr-trotta.com\/les-autres-complements\/vit-c-estomac-sensible-c-docta\" target=\"_blank\" rel=\"noreferrer noopener\">\n    <span style=\"color: #3366ff;\">C- DOCTA Ascorbato s\u00f3dico<\/span>\n  <\/a>\n<\/strong>una forma alcalina m\u00e1s suave para el est\u00f3mago e igual de eficaz.<\/p>\n\n<p><strong>5\/Homeopat\u00eda<\/strong><\/p>\n\n<p>El tratamiento de las alergias es una de las se\u00f1as de identidad de la homeopat\u00eda. <a href=\"https:\/\/www.dr-trotta.fr\/es\/homeopatia-html\/\" target=\"_blank\" rel=\"noreferrer noopener\">\n  <span style=\"color: #3366ff;\">\n    <strong>La homeopat\u00eda<\/strong>\n  <\/span>\n<\/a> permite regular el terreno y reducir los numerosos s\u00edntomas al\u00e9rgicos de forma ecol\u00f3gica y sin efectos secundarios, mucho mejor que los medicamentos qu\u00edmicos y sin sus efectos nocivos.<br\/>A quienes consulten al Dr. Trotta por Internet o en persona en su Instituto de Medicina Natural, les aconsejar\u00e1 un tratamiento homeop\u00e1tico complementario y personalizado para prevenir y tratar sus alergias de la forma m\u00e1s eficaz posible con  <\/p>\n\n<figure class=\"wp-block-image\"><img decoding=\"async\" src=\"https:\/\/www.dr-trotta.fr\/wp-content\/uploads\/thelia\/upload\/DESSINS\/AURICULO\/7auriculoth&#xE9;rapie Pose aiguilles.png\" alt=\"Auriculoacupuntura_por_el_doctor_Pascal_Trotta\"\/><\/figure>\n<p><strong>6\/ Acupuntura auricular<\/strong><\/p>\n\n<p><a href=\"https:\/\/www.dr-trotta.fr\/es\/la-acupuntura-auricular-html\/\" target=\"_blank\" rel=\"noreferrer noopener\">\n  <span style=\"color: #3366ff;\">\n    <strong>Auriculoterapia<\/strong>\n  <\/span>\n<\/a> forma parte integrante de las consultas del Dr. Trotta, y generalmente concluye estas consultas personalizadas in situ en el Institut de M\u00e9decine Naturelle.<\/p>\n\n<p>Reconocida por la OMS como \u00abLa acupuntura m\u00e9dica francesa\u00bb, esta rama de la medicina francesa de renombre internacional equilibra los sistemas simp\u00e1tico y parasimp\u00e1tico para reducir la hiperreflexia al\u00e9rgica.<\/p>\n\n<p>En general, de una a tres sesiones espaciadas un mes son suficientes para complementar la acci\u00f3n de la homeopat\u00eda y los complementos alimenticios.<\/p>\n\n<p>La micronutrici\u00f3n, la homeopat\u00eda y la acupuntura auricular se combinan para superar la mayor\u00eda de las alergias de forma ecol\u00f3gica y sostenible, sin efectos secundarios, en beneficio del paciente, su familia y su entorno.<\/p>\n\n<p><a href=\"https:\/\/studio.youtube.com\/video\/hrMOH38agdg\/edit\">V\u00eddeo para saber m\u00e1s sobre las alergias :<\/a><\/p>\n\n<div class=\"youtube\"><object data=\"https:\/\/www.youtube.com\/v\/hrMOH38agdg&#038;modestbranding=1\" type=\"application\/x-shockwave-flash\" width=\"640\" height=\"385\"><param name=\"movie\" value=\"https:\/\/www.youtube.com\/v\/hrMOH38agdg&#038;modestbranding=1\"\/><param name=\"wmode\" value=\"transparente\"\/><\/object><\/div>\n\n<div class=\"youtube\"> <\/div>\n\n<p>Dr. Pascal Trotta, <br\/><em>Antiguo internista de los Hospitales de Par\u00eds, m\u00e9dico especialista, radi\u00f3logo, home\u00f3pata, fundador del Institut de M\u00e9decine Naturelle de Saint S\u00e9bastien.<\/em><br\/>Paseo de los Fueros 3, 20005 San Sebasti\u00e1n, Pa\u00eds Vasco<\/p>\n\n<p>Solicitar una cita para una consulta con el Dr. Trotta Tel<a href=\"tel:05%2054%2054%2044%2043\" target=\"_blank\" rel=\"noreferrer noopener\">:05 54 54 44 43<\/a><br\/>&#8211;<span style=\"color: #3366ff;\"> <a href=\"https:\/\/www.dr-trotta.fr\/consulter-le-docteur-trotta.html\" target=\"_blank\" rel=\"noreferrer noopener\">in situ<\/a>. <\/span>   <br\/>&#8211; <span style=\"color: #3366ff;\"><a href=\"https:\/\/app.dr-trotta.com\/telemedecine\" target=\"_blank\" rel=\"noreferrer noopener\">en l\u00ednea.<\/a>  <\/span>  <\/p>\n\n<p>Pida los suplementos naturales del Dr. Trotta: <\/p>\n\n<p>&#8211; Tel : <a href=\"tel:05%2054%2054%2044%2043\" target=\"_blank\" rel=\"noreferrer noopener\">05 54 54 44 43<\/a><br\/><span style=\"color: #3366ff;\">&#8211; <a href=\"https:\/\/app.dr-trotta.com\/\" target=\"_blank\" rel=\"noreferrer noopener\">Laboratorio del Dr. Trotta<\/a><\/span><br\/>&#8211; o haga clic a continuaci\u00f3n en la imagen del suplemento o envase que desee<\/p>\n\n<p><strong>* Bibliograf\u00eda de art\u00edculos cient\u00edficos que demuestran la eficacia de los probi\u00f3ticos en la prevenci\u00f3n de alergias:<\/strong><\/p>\n\n<p>&#8211; Los probi\u00f3ticos (Lactobacillus gasseri KS-13, Bifidobacterium bifidum G9-1, y Bifidobacterium longum MM-2) mejoran la calidad de vida espec\u00edfica de la rinoconjuntivitis en individuos con alergias estacionales: un ensayo doble ciego, controlado con placebo y aleatorizado.<br\/>Dennis-Wall JC, Culpepper T, Nieves C Jr, Rowe CC, Burns AM, Rusch CT, Federico A, Ukhanova M, Waugh S, Mai V, Christman MC, Langkamp-Henken B.<br\/>Am J Clin Nutr. 2017 Mar;105(3):758-767. doi: 10.3945\/ajcn.116.140012. Epub 2017 Feb 22.<br\/>PMID: 28228426 Ensayo cl\u00ednico.<br\/>Los probi\u00f3ticos pueden mejorar la calidad de vida durante la temporada de alergias al aumentar el porcentaje de c\u00e9lulas T reguladoras (Tregs) e inducir tolerancia.Objetivo: El objetivo de este estudio fue determinar si el consumo de Lactobacillus gasseri KS-13, Bifidobacterium bifi &#8230;<\/p>\n\n<p>&#8211; Probi\u00f3ticos y alergia.<br\/>Furrie E.<br\/>Proc Nutr Soc. 2005 Nov;64(4):465-9. doi: 10.1079\/pns2005466.<br\/>PMID: 16313688 Revisi\u00f3n.<br\/>La alergia cl\u00e1sica es una reacci\u00f3n de hipersensibilidad de tipo I mediada por la interacci\u00f3n de mastocitos (y eosin\u00f3filos) recubiertos de IgE al\u00e9rgeno-espec\u00edfica y un al\u00e9rgeno reticulado. &#8230;La gesti\u00f3n de la alergia mediante probi\u00f3ticos tambi\u00e9n se ha &#8230;<\/p>\n\n<p>&#8211; Probi\u00f3ticos para la prevenci\u00f3n de la alergia: Una revisi\u00f3n sistem\u00e1tica y meta-an\u00e1lisis de ensayos controlados aleatorios.<br\/>Cuello-Garcia CA, Bro\u017cek JL, Fiocchi A, Pawankar R, Yepes-Nu\u00f1ez JJ, Terracciano L, Gandhi S, Agarwal A, Zhang Y, Sch\u00fcnemann HJ.<br\/>J Allergy Clin Immunol. 2015 Oct;136(4):952-61. doi: 10.1016\/j.jaci.2015.04.031. Epub 2015 jun 2.<br\/>PMID: 26044853 Revisi\u00f3n.<br\/>OBJETIVO: Se busc\u00f3 sintetizar la evidencia que apoya el uso de probi\u00f3ticos para la prevenci\u00f3n de alergias e informar las directrices de la Organizaci\u00f3n Mundial de la Alergia sobre el uso de probi\u00f3ticos. M\u00c9TODOS: Se realiz\u00f3 una revisi\u00f3n sistem\u00e1tica de los ensayos aleatorizados que eval\u00faan &#8230;<\/p>\n\n<p>&#8211;  <br\/>Revisi\u00f3n sistem\u00e1tica y metaan\u00e1lisis de los probi\u00f3ticos para el tratamiento de la rinitis al\u00e9rgica.<br\/>Zajac AE, Adams AS, Turner JH.<br\/>Int Forum Allergy Rhinol. 2015 Jun;5(6):524-32. doi: 10.1002\/alr.21492. Epub 2015 abr 20.<br\/>PMID: 25899251 Art\u00edculo PMC gratuito. Revisi\u00f3n.<br\/>ANTECEDENTES: Los probi\u00f3ticos han demostrado ser beneficiosos en una serie de enfermedades inmunomediadas y al\u00e9rgicas. &#8230;Los probi\u00f3ticos no tuvieron ning\u00fan efecto sobre los niveles de RTSS (DME -0,36; p = 0,13) o de IgE total (DME 0,01; p = 0,94), aunque se observ\u00f3 una tendencia a la reducci\u00f3n de los niveles de &#8230;<\/p>\n","protected":false},"excerpt":{"rendered":"<p>La medicina alop\u00e1tica no tiene ninguna soluci\u00f3n para curar estas alergias primaverales, ya que s\u00f3lo ofrece paliativos que tienen demasiados efectos secundarios. La medicina del Dr. Pascal Trotta le ofrece soluciones sostenibles, eficaces y naturales. Esto se debe a que este medicamento trata las causas de estas alergias primaverales: el intestino y el h\u00edgado en particular, mediante un tratamiento natural duradero, eficaz y sin efectos secundarios.<\/p>\n","protected":false},"author":1,"featured_media":1802,"comment_status":"closed","ping_status":"open","sticky":false,"template":"","format":"standard","meta":{"_acf_changed":false,"_seopress_robots_primary_cat":"","_seopress_titles_title":"","_seopress_titles_desc":"","_seopress_robots_index":"","inline_featured_image":false,"footnotes":""},"categories":[185,189],"tags":[285,277,258,203,257,275,283,286],"class_list":["post-338","post","type-post","status-publish","format-standard","has-post-thumbnail","hentry","category-consejos","category-infecciones-y-alergias","tag-alergias","tag-ansiedad","tag-desintoxicacion","tag-despues-del-sol","tag-escurridor","tag-estres","tag-infecciones","tag-intolerancias"],"acf":[],"_links":{"self":[{"href":"https:\/\/www.dr-trotta.fr\/es\/wp-json\/wp\/v2\/posts\/338","targetHints":{"allow":["GET"]}}],"collection":[{"href":"https:\/\/www.dr-trotta.fr\/es\/wp-json\/wp\/v2\/posts"}],"about":[{"href":"https:\/\/www.dr-trotta.fr\/es\/wp-json\/wp\/v2\/types\/post"}],"author":[{"embeddable":true,"href":"https:\/\/www.dr-trotta.fr\/es\/wp-json\/wp\/v2\/users\/1"}],"replies":[{"embeddable":true,"href":"https:\/\/www.dr-trotta.fr\/es\/wp-json\/wp\/v2\/comments?post=338"}],"version-history":[{"count":2,"href":"https:\/\/www.dr-trotta.fr\/es\/wp-json\/wp\/v2\/posts\/338\/revisions"}],"predecessor-version":[{"id":4840,"href":"https:\/\/www.dr-trotta.fr\/es\/wp-json\/wp\/v2\/posts\/338\/revisions\/4840"}],"wp:featuredmedia":[{"embeddable":true,"href":"https:\/\/www.dr-trotta.fr\/es\/wp-json\/wp\/v2\/media\/1802"}],"wp:attachment":[{"href":"https:\/\/www.dr-trotta.fr\/es\/wp-json\/wp\/v2\/media?parent=338"}],"wp:term":[{"taxonomy":"category","embeddable":true,"href":"https:\/\/www.dr-trotta.fr\/es\/wp-json\/wp\/v2\/categories?post=338"},{"taxonomy":"post_tag","embeddable":true,"href":"https:\/\/www.dr-trotta.fr\/es\/wp-json\/wp\/v2\/tags?post=338"}],"curies":[{"name":"wp","href":"https:\/\/api.w.org\/{rel}","templated":true}]}}