{"id":427,"date":"2018-09-18T10:25:04","date_gmt":"2018-09-18T08:25:04","guid":{"rendered":"https:\/\/www.dr-trotta.fr\/2023\/03\/13\/rectocolitis-hemorragica\/"},"modified":"2024-10-09T10:55:09","modified_gmt":"2024-10-09T08:55:09","slug":"rectocolitis-hemorragica-html","status":"publish","type":"post","link":"https:\/\/www.dr-trotta.fr\/es\/rectocolitis-hemorragica-html\/","title":{"rendered":"Recto-colitis-hemorr\u00e1gica"},"content":{"rendered":"\n<p><strong><img loading=\"lazy\" decoding=\"async\" class=\"img-responsive\" style=\"margin-right: 5px; margin-left: 5px; float: left;\" src=\"https:\/\/www.dr-trotta.fr\/wp-content\/uploads\/thelia\/upload\/DESSINS\/INTESTIN-COLON\/mal%20de%20ventre%20abdo%20jpg%20Web.jpg\" alt=\"\" width=\"260\" height=\"506\"\/>La<\/strong><strong>rectocolitis hemorr\u00e1gica (CU) es cada vez m\u00e1s frecuente<\/strong>. Es una enfermedad inflamatoria del intestino grueso, el colon y el recto, que provoca hemorragias en las heces, de ah\u00ed su nombre.  <br\/>Provoca dolor abdominal, diarrea (hasta 20 deposiciones l\u00edquidas al d\u00eda, lo que es muy debilitante) y heces sanguinolentas o viscosas.<br\/>Al igual que la enfermedad de Crohn, puede ir acompa\u00f1ada de dolor articular, erupciones cut\u00e1neas o enfermedades oculares.<br\/>Es m\u00e1s frecuente que la enfermedad de Crohn.<\/p>\n\n<p>Se trata de <strong>una enfermedad inflamatoria<\/strong> con un componente autoinmune, es decir, la secreci\u00f3n de anticuerpos por parte del paciente contra su propio organismo.<br\/>La medicina moderna no tiene 36.000 soluciones para tratarla: la trata con medicamentos qu\u00edmicos que a menudo tienen efectos secundarios. Medicamentos que deben tomarse de por vida. Se alternan antiinflamatorios, siendo el m\u00e1s conocido para esta enfermedad el Pentasa (\u00e1cido 5-aminosalic\u00edlico), que es un derivado de la aspirina. Se toma por v\u00eda oral y\/o rectal. En los casos graves, se utilizan imunosupresores para reducir la reacci\u00f3n autoinmunitaria del paciente, pero estos f\u00e1rmacos debilitan las defensas inmunitarias del paciente, lo que puede provocar infecciones graves o c\u00e1ncer.<\/p>\n\n<p>\u00a0<\/p>\n\n<p>Con demasiada frecuencia, la medicina hospitalaria universitaria se olvida de tratar la causa de la enfermedad y se limita a tratar los s\u00edntomas o las consecuencias.<br\/>La causa de la CU es esencialmente una disfunci\u00f3n de la flora intestinal, es decir, del equilibrio de las bacterias intestinales, de las que hay 100.000 billones.<br\/>Nuestra salud depende del equilibrio de estas bacterias.<br\/>Sin embargo, con el<strong> uso excesivo de antibi\u00f3ticos,<\/strong> que destruyen las bacterias buenas, estamos da\u00f1ando nuestros intestinos. Adem\u00e1s, las <strong>dietas modernas refinadas y desvitalizadas<\/strong> agravan el problema. Tanto m\u00e1s cuanto que cada vez m\u00e1s j\u00f3venes se dan atracones de dulces y consumen principalmente productos procesados en lugar de productos naturales.<br\/>Y no olvidemos<strong> la sobredosis de vacunas en la infancia<\/strong>, que altera la inmunidad a largo plazo y se cree que est\u00e1 en el origen de ciertas enfermedades autoinmunes.<\/p>\n\n<p><img loading=\"lazy\" decoding=\"async\" class=\"img-responsive\" style=\"margin-right: 5px; margin-left: 5px; float: right;\" src=\"https:\/\/www.dr-trotta.fr\/wp-content\/uploads\/thelia\/upload\/le%20tube%20digestif.jpg\" alt=\"\" width=\"302\" height=\"170\"\/>En resumen, al no tener en cuenta los antibi\u00f3ticos, las vacunas y la mala alimentaci\u00f3n, la medicina hospitalaria universitaria va por mal camino.<br\/>Y se regodea en la medicina t\u00e9cnica y artificial, con sus numerosos efectos secundarios.<\/p>\n\n<p>Si el Dr. Trotta tuviera CU, empezar\u00eda por reformar su dieta y, al mismo tiempo, reforzar su flora intestinal y reducir su inflamaci\u00f3n intestinal.<\/p>\n\n<p>El enfoque nutricional, micronutricional, es un excelente enfoque ecol\u00f3gico para tratar la CU. Permite reducir la dosis de f\u00e1rmacos qu\u00edmicos y a menudo evita el uso de inmunosupresores peligrosos. No pretende curar todas las enfermedades, pero al menos empieza a curar sin intoxicar lo que ya es esencial.<\/p>\n\n<p>Adem\u00e1s, junto a esta medicina nutricional, que es la primera forma de medicina, el Dr. Trotta utiliza en su Instituto de Medicina Natural de San Sebasti\u00e1n las 2 terapias naturales m\u00e1s potentes que existen y que permiten tratar la causa de su enfermedad y no s\u00f3lo los s\u00edntomas (medicina qu\u00edmica). Es la combinaci\u00f3n de :<\/p>\n\n<p>&#8211; <strong>\n  <span style=\"color: #3366ff;\"><a href=\"https:\/\/www.dr-trotta.fr\/es\/endobioterapia-tratamiento-natural-y-potente-de-enfermedades-cronicas-o-graves-html\/\" target=\"_blank\" rel=\"noreferrer noopener\">EndoBioterapia<\/a> <\/span>\n<\/strong>EndoBioterapia: la revoluci\u00f3n de la medicina molecular desarrollada por el Dr. Geffard y ofrecida por el Dr. Trotta a sus pacientes para una mejor curaci\u00f3n de las enfermedades graves o cr\u00f3nicas.  <\/p>\n\n<p>&#8211; <strong>\n  <span style=\"color: #3366ff;\">\n    <a href=\"https:\/\/www.dr-trotta.fr\/es\/ondas-escalares-que-curan-html\/\" target=\"_blank\" rel=\"noreferrer noopener\">Ondas escalares, las ondas que curan<\/a>\n  <\/span>\n<\/strong> Ondas Escalares, las ondas que curan : para revitalizarte y potenciar tus propios reflejos naturales de autocuraci\u00f3n, que todos llevamos dentro pero que se ven disminuidos o ca\u00f3ticos durante la enfermedad. Cuando se padece CU, la persona est\u00e1 debilitada no s\u00f3lo por el dolor, sino tambi\u00e9n por la diarrea y la p\u00e9rdida de hierro por hemorragias.<\/p>\n\n<p><img loading=\"lazy\" decoding=\"async\" class=\"img-responsive\" style=\"margin-right: 5px; margin-left: 5px; float: left;\" src=\"https:\/\/www.dr-trotta.fr\/wp-content\/uploads\/thelia\/upload\/LE%20DOCTEUR\/image.jpeg\" alt=\"\" width=\"320\" height=\"213\"\/>Durante su primera consulta en el Institut de M\u00e9decine Naturelle,<\/p>\n\n<p>1\/ El m\u00e9dico te escuchar\u00e1 primero para entenderte mejor, y ver si hay que corregir primero los factores emocionales para reducir el estr\u00e9s que produce dolor y enfermedad.<\/p>\n\n<p>2\/ A trav\u00e9s de un cuestionario personalizado, el M\u00e9dico identificar\u00e1 con la mayor precisi\u00f3n posible tus h\u00e1bitos alimentarios para corregirlos y que puedas hacer tu propio camino hacia la recuperaci\u00f3n cambiando tus malos h\u00e1bitos (es dif\u00edcil, pero cuando est\u00e1s enfermo y si entiendes mejor por qu\u00e9 lo est\u00e1s, es m\u00e1s f\u00e1cil cambiar).<\/p>\n\n<p>3\/ A continuaci\u00f3n, examinar\u00e1 detenidamente sus iris (Iridolog\u00eda espec\u00edfica practicada por un especialista en Imagen y Diagn\u00f3stico, el Dr. Trotta (DES en Radiodiagn\u00f3stico e Imagen M\u00e9dica) para hacerse una mejor idea de su vitalidad, su capacidad para defenderse de las enfermedades, su terreno principal y sus diversos factores de obstrucci\u00f3n metab\u00f3lica.  <\/p>\n\n<p>4\/ Finalmente, si lo considera necesario, le realizar\u00e1 un EIS (Electro-Interstitial Scanner), derivado de la medicina espacial rusa, para diagnosticar los trastornos funcionales de sus \u00f3rganos.<\/p>\n\n<p>5\/ Particularmente para su CU, le tomar\u00e1 una \u00fanica muestra de sangre en su Instituto (no es necesario que est\u00e9 en ayunas) para investigar las distintas causas de su recto-colitis: hiperpermeabilidad intestinal, infecci\u00f3n cr\u00f3nica, oxidaci\u00f3n e inflamaci\u00f3n. Para ello se toma una \u00fanica muestra de sangre, que el propio m\u00e9dico extraer\u00e1 durante la consulta y enviar\u00e1 a un laboratorio especializado. Este an\u00e1lisis \u00fanico se denomina inmunoensayo. Es esencial si quiere tratar las causas de su Recto-Colitis.  <\/p>\n\n<p>6\/ A partir de este an\u00e1lisis de sangre \u00fanico y especializado, cuyos resultados llegar\u00e1n al Doctor entre 3 y 5 semanas despu\u00e9s de la primera consulta, se le administrar\u00e1n peque\u00f1os comprimidos blancos para fundir bajo la lengua por la ma\u00f1ana y por la noche durante al menos 3 meses, tras los cuales se le realizar\u00e1 un nuevo an\u00e1lisis de sangre para adaptar la primera prescripci\u00f3n y corregir los problemas persistentes. En una enfermedad cr\u00f3nica como la CU, no se puede esperar curarse en 3 meses. Durante un a\u00f1o, deber\u00e1s tomar el tratamiento con precauci\u00f3n y hacerte un an\u00e1lisis de sangre cada 3 meses; despu\u00e9s, en funci\u00f3n de los resultados, espaciar\u00e1s el tratamiento y los an\u00e1lisis de sangre.<\/p>\n\n<p><img decoding=\"async\" class=\"img-responsive\" style=\"margin-right: 5px; margin-left: 5px; float: right;\" src=\"https:\/\/www.dr-trotta.fr\/wp-content\/uploads\/thelia\/upload\/LE%20DOCTEUR\/7auriculoth%C3%A9rapie%20Pose%20aiguilles.png\" alt=\"\"\/>7\/ Una sesi\u00f3n inicial de <span style=\"color: #3366ff;\">\n  <strong>\n    <a rel=\"noreferrer noopener\" href=\"https:\/\/www.dr-trotta.fr\/es\/la-acupuntura-auricular-html\/\" target=\"_blank\">neuroacupuntura auricular<\/a>\n  <\/strong>\n<\/span>o auriculoterapia. Para quienes tengan miedo a los \u00abclavitos\u00bb (no son agujas), el Dr. Trotta utilizar\u00e1 un dispositivo de criopunci\u00f3n que sustituye el clavito por hielo seco, de modo que no hay pinchazo sino una peque\u00f1a p\u00e1pula creada por el fr\u00edo y el hielo seco. Esto enviar\u00e1 un \u00abmensaje instant\u00e1neo\u00bb a trav\u00e9s del o\u00eddo a su cerebro para estimular su endodermo, el tejido embriol\u00f3gico de su intestino, colon y recto, para estimular su potencial curativo, reducir la inflamaci\u00f3n (por la secreci\u00f3n natural de su cortisol), reducir el dolor (aumentando la secreci\u00f3n de sus endorfinas naturales), reducir el estr\u00e9s y regular mejor sus emociones (esencial para la curaci\u00f3n). Esta es una de las mayores armas terap\u00e9uticas del Dr. Trotta. La mayor\u00eda de las veces se ofrece, y es usted quien decide si la acepta o no.  <\/p>\n\n<p>La acupuntura auricular es extremadamente poderosa para equilibrar el intestino y regular el estr\u00e9s que suele ser la causa del empeoramiento de los s\u00edntomas de esta enfermedad. La neuroacupuntura auricular es un arma ecol\u00f3gica muy eficaz en manos de un m\u00e9dico experimentado. Evita la necesidad de analg\u00e9sicos y ansiol\u00edticos, protegiendo as\u00ed el intestino. Es importante recordar que la toma de medicamentos qu\u00edmicos empeora el estado de la mucosa intestinal. Es una forma de salir de este c\u00edrculo vicioso.<\/p>\n\n<p><img loading=\"lazy\" decoding=\"async\" class=\"img-responsive\" style=\"margin-right: 5px; margin-left: 5px; float: left;\" src=\"https:\/\/www.dr-trotta.fr\/wp-content\/uploads\/thelia\/upload\/ONDES%20SCALAIRES\/2%20Machine%20%C3%A0%20ondes.jpg\" alt=\"\" width=\"322\" height=\"215\"\/>8\/ Ondas escalares: son las ondas curativas que el Doctor Trotta le aplicar\u00e1 durante su primera consulta, una vez finalizada \u00e9sta. La primera sesi\u00f3n es gratuita. Queremos que se beneficie inmediatamente de este importante avance terap\u00e9utico. Una aut\u00e9ntica revoluci\u00f3n que le beneficiar\u00e1 gracias a los muchos esfuerzos realizados por el Dr. Trotta para buscar siempre y en todas partes los mejores cuidados seg\u00fan la \u00abmedicina basada en la evidencia\u00bb, es decir, la Medicina basada en las pruebas de eficacia sobre el terreno, observadas por el m\u00e9dico y su paciente, y no las pruebas proporcionadas por los estudios estad\u00edsticos sesgados y manipulados suministrados por las multinacionales de los medicamentos qu\u00edmicos. Se beneficiar\u00e1 de una sesi\u00f3n de 10-15 minutos entre las 2 torres que emiten y reciben ondas escalares que aumentar\u00e1n la eficacia de la auriculoterapia y estimular\u00e1n las fuerzas curativas vitales en sus c\u00e9lulas defectuosas.<\/p>\n\n<p>El m\u00e9dico podr\u00e1 entonces seguirle, ya sea en su Instituto, si est\u00e1 cerca, o a distancia mediante <a rel=\"noreferrer noopener\" href=\"https:\/\/app.dr-trotta.com\/telemedecine\" target=\"_blank\">consulta de Telemedicina<\/a> si vive lejos. Una segunda consulta 5 semanas despu\u00e9s para analizar los resultados de su inmunobilan y prescribir el tratamiento de Endo-Bioterapia. A continuaci\u00f3n, un seguimiento trimestral para adaptar su tratamiento, y todo ello a su disposici\u00f3n, con total libertad.<\/p>\n\n<p>\u00bfPor qu\u00e9 no lo intentas?<\/p>\n\n<p>Mientras tanto y en cualquier caso<strong> <a rel=\"noreferrer noopener\" href=\"https:\/\/app.dr-trotta.com\/digestif\/pack-intestin-3-mois\" target=\"_blank\">el pack intestinal de 3 meses<\/a><\/strong> es la mejor manera de empezar a equilibrar tu intestino:  <br\/>Incluye probi\u00f3ticos y omega3 durante tres meses. Es lo m\u00ednimo para empezar. Estos probi\u00f3ticos y omega-3 han sido especialmente seleccionados por el m\u00e9dico para este fin. Act\u00faan en sinergia y su dosificaci\u00f3n se ha calculado cuidadosamente para que sean m\u00e1s eficaces.<br\/><a href=\"https:\/\/app.dr-trotta.com\/digestif\/intestin-immunite-allergies-3-mois-prodocta-90\" target=\"_blank\" rel=\"noreferrer noopener\">PRODOCTA<\/a> 1-0-0 una c\u00e1psula antes del desayuno<br\/>OMEDOCTA 2-0-0. dos c\u00e1psulas antes del desayuno<\/p>\n\n<p>Tambi\u00e9n debe eliminar toda la leche de vaca y, si es posible, los alimentos con gluten. La eliminaci\u00f3n de estos 2 alimentos b\u00e1sicos de la dieta moderna a menudo conduce a una mejora considerable de los s\u00edntomas del paciente.<br\/>En el libro <a href=\"https:\/\/app.dr-trotta.com\/livres\/livre-lalimentation-vivante-la-1ere-medecine\" target=\"_blank\" rel=\"noreferrer noopener\">\u00abL&#8217;alimentation vivante, la premi\u00e8re m\u00e9decine\u00bb<\/a> se explican muy bien las razones para eliminar estos 2 alimentos.<\/p>\n\n<p>A quienes pidan el envase recomendado por el m\u00e9dico, \u00e9ste les proporcionar\u00e1 un asesoramiento nutricional m\u00e1s personalizado. S\u00f3lo tiene que indicar el motivo de su pedido al realizarlo.<br\/>El Doctor responder\u00e1 por correo electr\u00f3nico.<\/p>\n\n<p><strong>Testimonio<\/strong><\/p>\n\n<p>29\/01\/2018 : Marine L \u00ab<em>Hola, Dr. Trotta, gracias por su correo electr\u00f3nico. Tendr\u00e9 que conformarme con PRODOCTA y OMEDOCTA para mi UC. Con sus c\u00e1psulas estoy estabilizado, ya no tengo dolor, as\u00ed que sigo as\u00ed. Quer\u00eda darle las gracias por su tratamiento, que funciona. Me gustas mucho. Un muy feliz 2018 para ti tambi\u00e9n\u00bb.<\/em><\/p>\n\n<p>Dr. Pascal Trotta, <br\/><em>Antiguo internista de los Hospitales de Par\u00eds, m\u00e9dico especialista, radi\u00f3logo, home\u00f3pata, fundador del Institut de M\u00e9decine Naturelle de Saint S\u00e9bastien.<\/em><br\/>Paseo de los Fueros 3, 20005 San Sebasti\u00e1n, Pa\u00eds Vasco<\/p>\n\n<p>Solicitar una cita para una consulta con el Dr. Trotta<br\/>&#8211; in situ. <br\/>&#8211; en l\u00ednea. <\/p>\n\n<p><a href=\"https:\/\/app.dr-trotta.com\/\" target=\"_blank\" rel=\"noreferrer noopener\">Pida los suplementos naturales del Dr. Trotta<\/a>.<\/p>\n\n<p>Tel : 05 54 54 44 43<\/p>\n","protected":false},"excerpt":{"rendered":"<p>\u00bfC\u00f3mo podemos tratar mejor la CU, con menos f\u00e1rmacos qu\u00edmicos, menos efectos secundarios y mayor eficacia?<\/p>\n","protected":false},"author":1,"featured_media":950,"comment_status":"closed","ping_status":"open","sticky":false,"template":"","format":"standard","meta":{"_acf_changed":false,"_seopress_robots_primary_cat":"","_seopress_titles_title":"","_seopress_titles_desc":"","_seopress_robots_index":"","inline_featured_image":false,"footnotes":""},"categories":[185,211,193],"tags":[221],"class_list":["post-427","post","type-post","status-publish","format-standard","has-post-thumbnail","hentry","category-consejos","category-digestivo","category-dolor","tag-colitis-rectohemorragica"],"acf":[],"_links":{"self":[{"href":"https:\/\/www.dr-trotta.fr\/es\/wp-json\/wp\/v2\/posts\/427","targetHints":{"allow":["GET"]}}],"collection":[{"href":"https:\/\/www.dr-trotta.fr\/es\/wp-json\/wp\/v2\/posts"}],"about":[{"href":"https:\/\/www.dr-trotta.fr\/es\/wp-json\/wp\/v2\/types\/post"}],"author":[{"embeddable":true,"href":"https:\/\/www.dr-trotta.fr\/es\/wp-json\/wp\/v2\/users\/1"}],"replies":[{"embeddable":true,"href":"https:\/\/www.dr-trotta.fr\/es\/wp-json\/wp\/v2\/comments?post=427"}],"version-history":[{"count":2,"href":"https:\/\/www.dr-trotta.fr\/es\/wp-json\/wp\/v2\/posts\/427\/revisions"}],"predecessor-version":[{"id":4749,"href":"https:\/\/www.dr-trotta.fr\/es\/wp-json\/wp\/v2\/posts\/427\/revisions\/4749"}],"wp:featuredmedia":[{"embeddable":true,"href":"https:\/\/www.dr-trotta.fr\/es\/wp-json\/wp\/v2\/media\/950"}],"wp:attachment":[{"href":"https:\/\/www.dr-trotta.fr\/es\/wp-json\/wp\/v2\/media?parent=427"}],"wp:term":[{"taxonomy":"category","embeddable":true,"href":"https:\/\/www.dr-trotta.fr\/es\/wp-json\/wp\/v2\/categories?post=427"},{"taxonomy":"post_tag","embeddable":true,"href":"https:\/\/www.dr-trotta.fr\/es\/wp-json\/wp\/v2\/tags?post=427"}],"curies":[{"name":"wp","href":"https:\/\/api.w.org\/{rel}","templated":true}]}}