{"id":4545,"date":"2020-11-06T18:23:12","date_gmt":"2020-11-06T17:23:12","guid":{"rendered":"https:\/\/www.dr-trotta.fr\/dejemos-que-nuestros-hijos-respiren-libremente\/"},"modified":"2024-10-09T10:54:56","modified_gmt":"2024-10-09T08:54:56","slug":"dejemos-que-nuestros-hijos-respiren-libremente","status":"publish","type":"post","link":"https:\/\/www.dr-trotta.fr\/es\/dejemos-que-nuestros-hijos-respiren-libremente\/","title":{"rendered":"\u00a1Dejemos que nuestros hijos respiren libremente!"},"content":{"rendered":"<p>&nbsp;<\/p>\n<p>Desde el 2 de noviembre, tras la festividad de Todos los Santos, los ni\u00f1os mayores de 6 a\u00f1os deben llevar mascarillas de tela o papel a la escuela durante todo el d\u00eda, supuestamente para evitar muertes por Covid19.<\/p>\n<p><img loading=\"lazy\" decoding=\"async\" class=\"img-responsive\" style=\"margin-right: 5px; margin-left: 5px; float: right;\" src=\"https:\/\/www.dr-trotta.fr\/wp-content\/uploads\/thelia\/upload\/Covid\/Neil%20Ferguson.jpeg\" alt=\"\" width=\"196\" height=\"105\">El Presidente dijo que si no lo hac\u00edamos, morir\u00edan 400.000 personas. Es un agorero. Todas estas cifras siempre han sido desmentidas por la realidad. El matem\u00e1tico brit\u00e1nico Ferguson, que justific\u00f3 el confinamiento planetario, siempre se ha equivocado.<\/p>\n<p>Nunca conf\u00edes tu futuro a matem\u00e1ticos o estad\u00edsticos, o acabar\u00e9is todos en la c\u00e1rcel (confinamiento).<\/p>\n<p><strong>\u00bb&nbsp;Ay de la tierra cuyo hijo es rey&nbsp;\u00ab<\/strong> dice el Eclesiast\u00e9s en la Biblia. En eso estamos en Francia. Nuestro Presidente, demasiado joven para tener retrospectiva suficiente, est\u00e1 tomando decisiones catastr\u00f3ficas para el futuro de nuestros hijos. Es m\u00e1s, est\u00e1 tomando decisiones en un \u00e1mbito muy sensible: los ni\u00f1os, aunque no tenga hijos propios.&nbsp;\u00bfTiene derecho un presidente sin hijos a tomar una decisi\u00f3n que tendr\u00e1 repercusiones f\u00edsicas y psicol\u00f3gicas en&nbsp;800.000 ni\u00f1os? Una pregunta real.<\/p>\n<p>Como padre y m\u00e9dico que ha tenido que lidiar con esta epidemia, digo que<strong>obligar a los ni\u00f1os de m\u00e1s de&nbsp;6 a\u00f1os a llevar mascarilla todo el d\u00eda<\/strong>&nbsp;es un aut\u00e9ntico abuso&nbsp;. Malos tratos tanto f\u00edsicos como psicol\u00f3gicos.<\/p>\n<p><strong>Maltrato f\u00edsico<\/strong> porque los ni\u00f1os, cuyo cerebro a\u00fan est\u00e1 creciendo, necesitan una oxigenaci\u00f3n perfecta, y la mascarilla ralentiza&nbsp;esta oxigenaci\u00f3n haci\u00e9ndoles respirar aire mezclado con su CO2 exhalado. Pero muchos ni\u00f1os se quejan de dolores de cabeza, dicen que&nbsp;se asfixian o respiran mal.&nbsp;<span style=\"color: #3366ff;\"><a style=\"color: #3366ff;\" href=\"https:\/\/www.dr-trotta.fr\/la-mascarade-des-masques.html\">Adem\u00e1s, <strong>estas mascarillas son in\u00fatiles y provocan numerosos efectos secundarios<\/strong>.<\/a><\/span><\/p>\n<p><strong>Abuso psicol\u00f3gico<\/strong> porque el ni\u00f1o ya no puede ver las sonrisas en las caras de sus compa\u00f1eros de clase, ya no puede ver la sonrisa en la cara de su profesora (si ama su trabajo y a sus hijos) y no puede entender la comunicaci\u00f3n no verbal de la cara enmascarada, que es tan importante para el entendimiento.<\/p>\n<p><img loading=\"lazy\" decoding=\"async\" class=\"img-responsive\" style=\"margin-right: 5px; margin-left: 5px; float: left;\" src=\"https:\/\/www.dr-trotta.fr\/wp-content\/uploads\/thelia\/upload\/Covid\/masque%20enfant%201.jpg\" alt=\"\" width=\"185\" height=\"123\">Est\u00e1 perdido. Puede cerrarse sobre s\u00ed misma. Maltrato psicol\u00f3gico: cuando se niega a ponerse la mascarilla o se la quita o se la pone a medias para respirar un poco mejor&nbsp; es reprendido por sus amas, que a veces son inhumanas o demasiado obedientes para seguir siendo humanas.<\/p>\n<p>Porque las \u00f3rdenes vienen de arriba, en pir\u00e1mide: Presidente-Ministro de Sanidad-Ministro de Educaci\u00f3n Nacional-Director de Academia-Director de Escuela-Profesor, profesor-ni\u00f1o. El que sale perdiendo siempre es el ni\u00f1o, el m\u00e1s peque\u00f1o, el de abajo, al que no se le ha preguntado su opini\u00f3n en absoluto y que tiene que mantener la boca cerrada y enmascararse la cara para respirar un aire que no es puro y tal vez t\u00f3xico, porque \u00bfde qu\u00e9 est\u00e1n hechas esas m\u00e1scaras? Basta con leer este art\u00edculo para darse cuenta de lo t\u00f3xico que es respirar aire viciado todo el d\u00eda.<\/p>\n<p>Pensemos en ello: muchos directores de escuela, profesores y maestras dicen que hay que respetar el protocolo.<\/p>\n<p><strong>Y si la epidemia empeora a pesar de ello, y la \u00fanica soluci\u00f3n es :<\/strong><\/p>\n<p>&#8211; para esconder a los ni\u00f1os mayores de 2 a\u00f1os de estos peque\u00f1os manojos de alegr\u00eda, \u00bflo har\u00e1s? \u00bfY qu\u00e9 har\u00e1n los profesores, y c\u00f3mo conseguir\u00e1s que lo respeten a menos que los maltrates psicol\u00f3gicamente?<br \/>&#8211; para esconder a sus hijos en casa?<br \/>&#8211; \u00bfenmascar\u00e1ndolos de la ma\u00f1ana a la noche todos los d\u00edas?<br \/>&#8211; Y por si fuera poco, llevar a sus hijos en vagones sellados a prueba de virus a un destino lejano donde no los hay, <strong>\u00bfseguir\u00e1 respetando el protocolo?<\/strong><\/p>\n<h2>\u00bfQu\u00e9 queremos para nuestros hijos?<\/h2>\n<p>\u00bf8 horas al d\u00eda as\u00ed? enmascarado-confinado-redactado&nbsp;? \u00bfAislado? \u00bfHipooxigenado? \u00bfMaltrato f\u00edsico? \u00bfMaltratada psicol\u00f3gicamente?<\/p>\n<p><img decoding=\"async\" class=\"img-responsive\" style=\"margin: 5px auto; display: block;\" src=\"https:\/\/www.dr-trotta.fr\/wp-content\/uploads\/thelia\/upload\/Covid\/masque%20enfant%201.jpg\" alt=\"\"><\/p>\n<p>\u00bfO el derecho de nuestros hijos a respirar aire limpio? \u00bfAire limpio? poder desarrollar nuestras capacidades sensoriales a trav\u00e9s del sentido del olfato, conectado al rinenc\u00e9falo, el cerebro de las emociones, y as\u00ed desarrollarnos arm\u00f3nicamente y realizarnos f\u00edsica, psicol\u00f3gica y emocionalmente&nbsp;?<\/p>\n<p><img loading=\"lazy\" decoding=\"async\" class=\"img-responsive\" style=\"margin: 5px auto; display: block;\" src=\"https:\/\/www.dr-trotta.fr\/wp-content\/uploads\/thelia\/upload\/Covid\/bunch-3045918_1920.jpg\" alt=\"\" width=\"900\" height=\"600\"><\/p>\n<p>&nbsp;He aqu\u00ed el testimonio de una madre que lucha a brazo partido para que sus hijas puedan respirar aire libre, una madre valiente,&nbsp;  una madre que lucha contra la indiferencia de muchos padres que no han comprendido lo que ocurre a sus espaldas y a las de sus hijos, y que pueden reaccionar demasiado tarde.<\/p>\n<p>&nbsp;<\/p>\n<p><em>\u00ab\u00a1Buenas noches, quer\u00eda ponerles al d\u00eda de mis progresos! Fui esta tarde a una cita con el Dr. &#8230;.. y ten\u00edas raz\u00f3n, es un hombre maravilloso, me expidi\u00f3 un certificado sin m\u00e1scara para Eloise, hablamos de todo eso y es un soplo de aire fresco tener a gente como t\u00fa y \u00e9l de nuestro lado, \u00a1defendi\u00e9ndonos y anim\u00e1ndonos! As\u00ed que gracias por recomendarme a este m\u00e9dico.<\/em><\/p>\n<p><em>En cuanto a la directora del colegio donde est\u00e1n mis hijas, no ha cambiado de opini\u00f3n, al contrario, \u00a1el martes intent\u00f3&nbsp; convertirme al covidismo!&nbsp;<\/em><\/p>\n<p><em>Pero el problema m\u00e1s grave fue con los profesores&#8230; uno me mir\u00f3 mal y nos dijo que no mostrar\u00eda ninguna tolerancia hacia el uso de la mascarilla, y el otro rega\u00f1\u00f3 a mi hija directamente cuando se puso la mascarilla debajo de la nariz. Cuando mi hija respondi\u00f3&nbsp; <strong> \u00bb&nbsp;profesor, no puedo respirar m\u00e1s&nbsp;\u00ab,<\/strong> y el profesor contest\u00f3 \u00bb&nbsp;si los dem\u00e1s pueden hacerlo, \u00a1t\u00fa tambi\u00e9n puedes!&nbsp;\u00ab&#8230; \u00a1Me indign\u00e9!<\/em><\/p>\n<p><em>No lo dejar\u00e9 as\u00ed, \u00a1esta mujer necesita ser reprendida por su comportamiento soci\u00f3pata!&nbsp;  Los profesores tiran las m\u00e1scaras a la papelera para que no podamos d\u00e1rselas a los ni\u00f1os al d\u00eda siguiente, \u00a1a pesar de que son m\u00e1scaras lavables!<\/em><\/p>\n<p><em>La <strong>directora<\/strong> <strong>dice que est\u00e1 obligada a respetar el protocolo<\/strong>.<\/em><\/p>\n<p><em>Al d\u00eda siguiente:<\/em><\/p>\n<p><em>Esta ma\u00f1ana se ha negado a dejar entrar a mi hija a pesar del certificado, porque as\u00ed ha sido, la directora me ha despedido agresivamente, se ha negado a darme una prueba escrita de su negativa al certificado&#8230; Tambi\u00e9n me he enterado por otra alumna de que los profesores y la directora \u00a1se quitaban la m\u00e1scara en el recreo y en clase! \u00a1\u00a1\u00a1Si si!!! A estas tres mujeres no les importamos ni nosotros ni la salud de nuestros hijos&#8230;.\u00bb&nbsp;&nbsp;<\/em>Virginie A, 4 Nov 2020<\/p>\n<p>Adjunto un dictamen jur\u00eddico sobre la ilegalidad de denegar el acceso a las escuelas a los ni\u00f1os con un certificado m\u00e9dico que contraindique el uso de mascarilla. Por tanto, el director est\u00e1 en contradicci\u00f3n con la ley.<\/p>\n<p>Un certificado m\u00e9dico expedido por un m\u00e9dico generalista es suficiente para demostrar que se aplica la exenci\u00f3n, y debe permitir a los alumnos de secundaria asistir a clase sin mascarilla.<\/p>\n<p>M\u00e1s informaci\u00f3n sobre&nbsp;<strong><br \/>\n  <span style=\"color: #3366ff;\"><br \/>\n    <a style=\"color: #3366ff;\" href=\"https:\/\/reaction19.fr\/\">este sitio jur\u00eddico que defender\u00e1 sus derechos fundamentales<\/a><br \/>\n  <\/span><br \/>\n<\/strong>&nbsp;&nbsp;<\/p>\n<p>Quiz\u00e1 por eso Macron y su gobierno quieren prohibir la educaci\u00f3n en casa, porque muchos padres se rebelar\u00e1n y querr\u00e1n llevarse a sus hijos a casa al ver tanto abuso.<\/p>\n<p>Hay un proyecto de ley para enero de 2021 que proh\u00edbe a los padres educar en casa. La escuela no es obligatoria, pero la ense\u00f1anza y la educaci\u00f3n s\u00ed lo son. Puedes hacerlo en la escuela o en casa. Este proyecto de ley es sencillamente inaceptable, porque <strong>un Estado que pretende ser propietario de los ni\u00f1os es un Estado totalitario<\/strong>.<\/p>\n<p>Por eso se hace urgente desobedecer ante este insidioso y perverso totalitarismo sanitario, que poco a poco se va imponiendo en medio de una indiferencia generalizada por el momento, pero con inicios de una toma de conciencia general que espero salve nuestras libertades y, sobre todo, a nuestros hijos.<\/p>\n<p>Por supuesto, la pelota est\u00e1 en nuestro tejado.  <strong>Es a trav\u00e9s de la inacci\u00f3n de la gente buena como progresa el mal. Franc\u00e9s \u00bb&nbsp;No tengas miedo, defiende tus libertades.&nbsp;\u00ab<\/strong><\/p>\n<p>Dr Pascal Trotta el 6 Nov 2020<\/p>\n","protected":false},"excerpt":{"rendered":"<p>Obligar a los ni\u00f1os mayores de 6 a\u00f1os a llevar m\u00e1scaras todo el d\u00eda en la escuela es un abuso f\u00edsico y psicol\u00f3gico. Debemos defender a nuestros hijos y no obedecer \u00f3rdenes inhumanas que no salvar\u00e1n ninguna vida pero dejar\u00e1n inmensas cicatrices psicoafectivas en los m\u00e1s d\u00e9biles de entre nosotros, nuestros hijos.<\/p>\n","protected":false},"author":1,"featured_media":1995,"comment_status":"closed","ping_status":"open","sticky":false,"template":"","format":"standard","meta":{"_acf_changed":false,"_seopress_robots_primary_cat":"","_seopress_titles_title":"","_seopress_titles_desc":"","_seopress_robots_index":"","inline_featured_image":false,"footnotes":""},"categories":[185,190],"tags":[192],"class_list":["post-4545","post","type-post","status-publish","format-standard","has-post-thumbnail","hentry","category-consejos","category-covid19-es","tag-covid19-es"],"acf":[],"_links":{"self":[{"href":"https:\/\/www.dr-trotta.fr\/es\/wp-json\/wp\/v2\/posts\/4545","targetHints":{"allow":["GET"]}}],"collection":[{"href":"https:\/\/www.dr-trotta.fr\/es\/wp-json\/wp\/v2\/posts"}],"about":[{"href":"https:\/\/www.dr-trotta.fr\/es\/wp-json\/wp\/v2\/types\/post"}],"author":[{"embeddable":true,"href":"https:\/\/www.dr-trotta.fr\/es\/wp-json\/wp\/v2\/users\/1"}],"replies":[{"embeddable":true,"href":"https:\/\/www.dr-trotta.fr\/es\/wp-json\/wp\/v2\/comments?post=4545"}],"version-history":[{"count":1,"href":"https:\/\/www.dr-trotta.fr\/es\/wp-json\/wp\/v2\/posts\/4545\/revisions"}],"predecessor-version":[{"id":5606,"href":"https:\/\/www.dr-trotta.fr\/es\/wp-json\/wp\/v2\/posts\/4545\/revisions\/5606"}],"wp:featuredmedia":[{"embeddable":true,"href":"https:\/\/www.dr-trotta.fr\/es\/wp-json\/wp\/v2\/media\/1995"}],"wp:attachment":[{"href":"https:\/\/www.dr-trotta.fr\/es\/wp-json\/wp\/v2\/media?parent=4545"}],"wp:term":[{"taxonomy":"category","embeddable":true,"href":"https:\/\/www.dr-trotta.fr\/es\/wp-json\/wp\/v2\/categories?post=4545"},{"taxonomy":"post_tag","embeddable":true,"href":"https:\/\/www.dr-trotta.fr\/es\/wp-json\/wp\/v2\/tags?post=4545"}],"curies":[{"name":"wp","href":"https:\/\/api.w.org\/{rel}","templated":true}]}}