{"id":4564,"date":"2019-03-04T13:05:31","date_gmt":"2019-03-04T12:05:31","guid":{"rendered":"https:\/\/www.dr-trotta.fr\/enfermedad-de-verneuil\/"},"modified":"2024-10-09T10:55:07","modified_gmt":"2024-10-09T08:55:07","slug":"enfermedad-de-verneuil","status":"publish","type":"post","link":"https:\/\/www.dr-trotta.fr\/es\/enfermedad-de-verneuil\/","title":{"rendered":"Enfermedad de Verneuil"},"content":{"rendered":"\n<p>La <strong>enfermedad de Verneuil es una hidrosadenitis supurativa<\/strong>, una enfermedad de las gl\u00e1ndulas sudor\u00edparas apocrinas del fol\u00edculo piloso, que provoca abscesos, for\u00fanculos e incluso f\u00edstulas repetidas en axilas, ingles, nalgas y pliegues mamarios.<\/p>\n\n\n\n<p><img decoding=\"async\" class=\"img-responsive\" style=\"margin-right: 5px; margin-left: 5px; float: left;\" src=\"https:\/\/www.dr-trotta.fr\/wp-content\/uploads\/thelia\/upload\/DESSINS\/PEAU\/follicule%20pileux.png\" alt=\"\">1% de la poblaci\u00f3n, es decir, 600.000 personas en Francia. La enfermedad pasa desapercibida para los m\u00e9dicos, que tardan 8 a\u00f1os en diagnosticarla. Los diagn\u00f3sticos err\u00f3neos m\u00e1s frecuentes son los vellos encarnados, la furunculosis, el acn\u00e9 grave, la f\u00edstula anal y la enfermedad de Crohn.<\/p>\n\n\n\n<p>A menudo en pacientes con sobrepeso. Puede asociarse a la enfermedad de Crohn y a la artritis reumatoide.&nbsp;  Esto sugiere una relaci\u00f3n con el intestino, ya que estas enfermedades son esencialmente enfermedades infecciosas de origen intestinal (v\u00e9anse los art\u00edculos de este blog sobre estas enfermedades y c\u00f3mo tratarlas mejor y de forma m\u00e1s natural). El tabaquismo suele ser un factor agravante que hay que abordar.&nbsp;&nbsp;<\/p>\n\n\n\n<p>2\/3 presentan la forma moderada con s\u00f3lo abscesos sin f\u00edstulas y 1\/3 con f\u00edstulas invalidantes y 1% con f\u00edstulas recurrentes que provocan secuelas quir\u00fargicas y cicatriciales.<\/p>\n\n\n\n<p>No existe tratamiento, salvo la cirug\u00eda en los casos graves para extirpar la parte cut\u00e1nea y subcut\u00e1nea infectada. La extirpaci\u00f3n de los fol\u00edculos pilosos evita la recidiva, pero las cicatrices tardan mucho tiempo en curarse.<\/p>\n\n\n\n<p>Los inhibidores del TNF alfa est\u00e1n disponibles en algunos pa\u00edses, excepto en Francia (sin autorizaci\u00f3n), pero con numerosos efectos secundarios.<\/p>\n\n\n\n<p>Ante esta enfermedad discapacitante y minusv\u00e1lida, a menudo mal entendida y, por tanto, mal tratada por la profesi\u00f3n m\u00e9dica, es dif\u00edcil comprender por qu\u00e9 es tan importante,  <strong>podemos proponer la siguiente estrategia terap\u00e9utica, una terapia natural sin efectos secundarios, dise\u00f1ada para reforzar las defensas naturales del propio organismo y estimular sus procesos naturales de autocuraci\u00f3n. Esto evitar\u00e1 la necesidad de f\u00e1rmacos t\u00f3xicos y reducir\u00e1 la necesidad de cirug\u00eda:<\/strong><\/p>\n\n\n\n<p>1\/ <strong>Reforzar la flora intestinal<\/strong>, que proporciona una inmunomodulaci\u00f3n natural y reduce las infecciones cut\u00e1neas que provocan abscesos: en este caso, es necesario tomar durante al menos 6 meses los dos suplementos siguientes, que act\u00faan en simbiosis y sinergia:<\/p>\n\n\n\n<p><a href=\"https:\/\/app.dr-trotta.com\/infection-et-allergies\/intestin-immunite-allergies-3-mois-prodocta-90\" target=\"_blank\" rel=\"noreferrer noopener\">PRODOCTA <\/a>1-0-0. Una c\u00e1psula antes del desayuno<\/p>\n\n\n\n<p><a href=\"https:\/\/app.dr-trotta.com\/infection-et-allergies\/coeur-cerveau-peau-3-mois-omedocta-90\" target=\"_blank\" rel=\"noreferrer noopener\">OMEDOCTA <\/a>2-0-0. Dos c\u00e1psulas antes del desayuno<\/p>\n\n\n\n<p>Commnder <span style=\"color: #3366ff;\">\n  <a href=\"https:\/\/app.dr-trotta.com\/infection-et-allergies\/pack-intestin-3-mois\" target=\"_blank\" rel=\"noreferrer noopener\">el pack intestinal 3 meses<\/a>\n<\/span>completo y econ\u00f3mico (15% de descuento)<\/p>\n\n\n\n<p>2\/ Realice la siguiente cura <strong>de microayuno<\/strong> para drenar las toxinas que pasan a trav\u00e9s de la piel y, al mismo tiempo, reducir el exceso de peso que suele ser la causa de la enfermedad.<\/p>\n\n\n\n<p><span style=\"color: #3366ff;\"><a href=\"https:\/\/app.dr-trotta.com\/infection-et-allergies\/draineur-detox-microjeun-drenadocta\" target=\"_blank\" rel=\"noreferrer noopener\">DRENADOCTA<\/a> <\/span>una dosis de un tap\u00f3n (50 ml) en un tercio de litro de agua para tomar en lugar de la cena y nada m\u00e1s. Haga esto cinco tardes a la semana hasta que alcance el punto de equilibrio, que es el peso por debajo del cual no puede bajar sin medios artificiales. Si tiene un sobrepeso de 5 kg, pida un frasco, si tiene un sobrepeso de 10 kg, pida 2 frascos y si tiene un sobrepeso de m\u00e1s de 10 kg, pida 3 frascos <span style=\"color: #3366ff;\">(<a href=\"https:\/\/app.dr-trotta.com\/infection-et-allergies\/draineur-detox-microjeun-drenadocta\" target=\"_blank\" rel=\"noreferrer noopener\">DRENADOCTA 3 pack<\/a><\/span>).<\/p>\n\n\n\n<p>3\/ Para la piel, utilice los aceites esenciales Tegarome del Doctor Valnet en cuanto tenga una infecci\u00f3n.<\/p>\n\n\n\n<p>4\/  <strong>Cambios nutricionales en profundidad<\/strong>que es el tema de este blog, el libro  <span style=\"color: #3366ff;\"><a rel=\"noreferrer noopener\" href=\"https:\/\/app.dr-trotta.com\/livres\/livre-lalimentation-vivante-la-1ere-medecine\" target=\"_blank\">\u00abLa alimentaci\u00f3n es la primera forma de medicina<\/a><\/span>. Para un asesoramiento personalizado, pida al asistente del doctor Trotta en el 05 54 54 44 43 que concierte una consulta con \u00e9l en su Instituto de Medicina Natural o por telemedicina.<\/p>\n\n\n\n<p><img loading=\"lazy\" decoding=\"async\" width=\"277\" height=\"185\" class=\"img-responsive\" style=\"margin-right: 5px; margin-left: 5px; float: right;\" src=\"https:\/\/www.dr-trotta.fr\/wp-content\/uploads\/thelia\/upload\/DESSINS\/AURICULO\/auriculo%20en%20action.jpg\" alt=\"\">5\/<span style=\"color: #3366ff;\"><a href=\"https:\/\/www.dr-trotta.fr\/auriculotherapie-acupuncture-auriculaire-medecine-naturelle-puissante-du-stress-et-de-la-douleur.html\" target=\"_blank\" rel=\"noreferrer noopener\"> Auriculoterapia o acupuntura auricular<\/a> <\/span>La auriculoterapia es un arma terap\u00e9utica muy poderosa en manos de un m\u00e9dico que sepa utilizarla. Permite que el cuerpo sea procesado por el o\u00eddo, que transmite informaci\u00f3n al cerebro, el ordenador que controla el cuerpo. Sin el uso de f\u00e1rmacos ni efectos secundarios, puede reducir el estr\u00e9s y la inflamaci\u00f3n, disminuir el apetito para ayudar a perder peso, regular el endodermo y el intestino, y estimular el ectodermo, el tejido embriol\u00f3gico de soporte del cerebro y la piel, reduciendo gradualmente los brotes de inflamaci\u00f3n y las infecciones. Suele ser necesaria una sesi\u00f3n al mes durante seis meses.<\/p>\n\n\n\n<p>5\/ Para casos graves: adem\u00e1s de lo anterior,&nbsp;<\/p>\n\n\n\n<p>Realizar una inmunoevaluaci\u00f3n para orientarle hacia la<span style=\"color: #3366ff;\">\n  <a href=\"https:\/\/www.dr-trotta.fr\/endo-bio-therapie-endotherapie-multivalente-traitement-naturel-et-efficace-des-maladies-chroniques.html\" target=\"_blank\" rel=\"noreferrer noopener\"> endobioterapia<\/a>\n<\/span><\/p>\n\n\n\n<p>Pruebe <span style=\"color: #3366ff;\">\n  <a href=\"https:\/\/www.dr-trotta.fr\/ondes-scalaires-les-ondes-qui-soignent-html\/\" target=\"_blank\" rel=\"noreferrer noopener\">ondas escalares<\/a>\n<\/span><\/p>\n\n\n\n<p>Dos terapias innovadoras y naturales que aumentan las posibilidades de recuperaci\u00f3n, sin f\u00e1rmacos qu\u00edmicos ni efectos secundarios.<\/p>\n\n\n\n<p>Dr. Pascal Trotta,&nbsp;<br><em>Antiguo internista de los Hospitales de Par\u00eds, m\u00e9dico especialista, radi\u00f3logo, home\u00f3pata, fundador del Institut de M\u00e9decine Naturelle de Saint S\u00e9bastien.<\/em><br>Paseo de los Fueros 3, 20005 San Sebasti\u00e1n, Pa\u00eds Vasco<\/p>\n\n\n\n<p>Solicitar una cita para una consulta con el Dr. Trotta<br>&#8211;<span style=\"color: #3366ff;\"> <a href=\"https:\/\/www.dr-trotta.fr\/consulter-le-docteur-trotta.html\" target=\"_blank\" rel=\"noreferrer noopener\">in situ<\/a>. <\/span>   <br>&#8211; <span style=\"color: #3366ff;\"><a href=\"https:\/\/app.dr-trotta.com\/telemedecine\" target=\"_blank\" rel=\"noreferrer noopener\">en l\u00ednea.<\/a>  <\/span>  <\/p>\n\n\n\n<p>Pida los suplementos naturales del Dr. Trotta:&nbsp;<\/p>\n\n\n\n<p>&#8211; Tel : 0564 11 54 05<br><span style=\"color: #3366ff;\">&#8211; <a href=\"https:\/\/app.dr-trotta.com\/\" target=\"_blank\" rel=\"noreferrer noopener\">Laboratorio del Dr. Trotta<\/a><\/span><br>&#8211; o haga clic a continuaci\u00f3n en la imagen del suplemento o envase que desee<\/p>\n","protected":false},"excerpt":{"rendered":"<p>\u00bfC\u00f3mo se puede tratar mejor la enfermedad de Verneuil de forma natural?<\/p>\n","protected":false},"author":1,"featured_media":4565,"comment_status":"closed","ping_status":"open","sticky":false,"template":"","format":"standard","meta":{"_acf_changed":false,"_seopress_robots_primary_cat":"","_seopress_titles_title":"","_seopress_titles_desc":"","_seopress_robots_index":"","inline_featured_image":false,"footnotes":""},"categories":[185,197],"tags":[215,216],"class_list":["post-4564","post","type-post","status-publish","format-standard","has-post-thumbnail","hentry","category-consejos","category-piel","tag-enfermedad-de-verneuil","tag-hidrosadenita"],"acf":[],"_links":{"self":[{"href":"https:\/\/www.dr-trotta.fr\/es\/wp-json\/wp\/v2\/posts\/4564","targetHints":{"allow":["GET"]}}],"collection":[{"href":"https:\/\/www.dr-trotta.fr\/es\/wp-json\/wp\/v2\/posts"}],"about":[{"href":"https:\/\/www.dr-trotta.fr\/es\/wp-json\/wp\/v2\/types\/post"}],"author":[{"embeddable":true,"href":"https:\/\/www.dr-trotta.fr\/es\/wp-json\/wp\/v2\/users\/1"}],"replies":[{"embeddable":true,"href":"https:\/\/www.dr-trotta.fr\/es\/wp-json\/wp\/v2\/comments?post=4564"}],"version-history":[{"count":1,"href":"https:\/\/www.dr-trotta.fr\/es\/wp-json\/wp\/v2\/posts\/4564\/revisions"}],"predecessor-version":[{"id":5622,"href":"https:\/\/www.dr-trotta.fr\/es\/wp-json\/wp\/v2\/posts\/4564\/revisions\/5622"}],"wp:featuredmedia":[{"embeddable":true,"href":"https:\/\/www.dr-trotta.fr\/es\/wp-json\/wp\/v2\/media\/4565"}],"wp:attachment":[{"href":"https:\/\/www.dr-trotta.fr\/es\/wp-json\/wp\/v2\/media?parent=4564"}],"wp:term":[{"taxonomy":"category","embeddable":true,"href":"https:\/\/www.dr-trotta.fr\/es\/wp-json\/wp\/v2\/categories?post=4564"},{"taxonomy":"post_tag","embeddable":true,"href":"https:\/\/www.dr-trotta.fr\/es\/wp-json\/wp\/v2\/tags?post=4564"}],"curies":[{"name":"wp","href":"https:\/\/api.w.org\/{rel}","templated":true}]}}