{"id":4567,"date":"2020-05-13T17:46:29","date_gmt":"2020-05-13T15:46:29","guid":{"rendered":"https:\/\/www.dr-trotta.fr\/el-miedo-es-un-virus-mas-contagioso-y-peligroso-que-el-covid19\/"},"modified":"2024-10-09T10:54:57","modified_gmt":"2024-10-09T08:54:57","slug":"el-miedo-es-un-virus-mas-contagioso-y-peligroso-que-el-covid19","status":"publish","type":"post","link":"https:\/\/www.dr-trotta.fr\/es\/el-miedo-es-un-virus-mas-contagioso-y-peligroso-que-el-covid19\/","title":{"rendered":"El miedo es un virus m\u00e1s contagioso y peligroso que el covid19"},"content":{"rendered":"\n<h2 class=\"wp-block-heading\">Una breve actualizaci\u00f3n del Doctor TROTTA tras dos meses de encarcelamiento generalizado de los franceses<\/h2>\n\n\n\n<p>Porque, como m\u00e9dico, no llamar\u00eda al confinamiento otra cosa que lo que es: encarcelamiento generalizado, abusivo y autoritario, con p\u00e9rdida de nuestras libertades fundamentales de circulaci\u00f3n, trabajo, reuni\u00f3n y encuentro.<\/p>\n\n\n\n<p><img decoding=\"async\" class=\"img-responsive\" style=\"margin-right: 5px; margin-left: 5px; float: left;\" src=\"https:\/\/www.dr-trotta.fr\/wp-content\/uploads\/thelia\/upload\/DESSINS\/STRESS%20SOMMEIL\/10.2%20stress.png\" alt=\"\">Los pa\u00edses que han confinado&nbsp;m\u00e1s muertes que los que no lo han hecho.&nbsp;<br>Suecia, que se resisti\u00f3 al requerimiento de&nbsp;encarcelamiento generalizado, tiene un historial mucho m\u00e1s positivo que Francia, que encarcel\u00f3 a toda su poblaci\u00f3n de&nbsp;durante casi dos meses. El desempleo masivo y la p\u00e9rdida de puestos de trabajo que se derivar\u00e1n de estas decisiones arbitrarias de&nbsp;son catastr\u00f3ficos.<\/p>\n\n\n\n<p>Nosotros&nbsp;sabemos ahora que el Gobierno y&nbsp;el Ministro de Sanidad han desarmado deliberadamente a los m\u00e9dicos privados al negarse a prescribir el protocolo del Profesor Didier Raoult para el tratamiento precoz de esta afecci\u00f3n. Tambi\u00e9n sabemos&nbsp;que se trata de una infecci\u00f3n v\u00edrica que, por falta de tratamiento precoz, deriva en problemas vasculares con coagulaci\u00f3n vascular intra&nbsp;diseminada (CID) y microembolias pulmonares&nbsp;que son la causa de la muerte porque el respirador no es la soluci\u00f3n. La soluci\u00f3n es un tratamiento sencillo: antibi\u00f3ticos, aspirina y anticoagulantes.<\/p>\n\n\n\n<p>Yo&nbsp;no he tenido personalmente ning\u00fan caso de pacientes hospitalizados por covid.<\/p>\n\n\n\n<p>Cuando practicamos la medicina preventiva nutricional con la ayuda de la homeopat\u00eda y de complementos alimenticios bien elegidos, prevenimos de antemano las enfermedades infecciosas y, si se producen, son benignas y no desencadenan la cascada inflamatoria y vascular. Ya es hora de que veamos con buenos ojos a los m\u00e9dicos y natur\u00f3patas que tratan a los pacientes de forma mucho m\u00e1s natural, evitando as\u00ed la masificaci\u00f3n hospitalaria que est\u00e1 en el origen de este encarcelamiento generalizado. Macron, que quiere eliminar la homeopat\u00eda de la lista, debe dar marcha atr\u00e1s. &nbsp;Pero con el lobby de las grandes farmac\u00e9uticas someti\u00e9ndole, es poco probable que sin presi\u00f3n popular aprenda la lecci\u00f3n de su fracaso masivo&nbsp;.<\/p>\n\n\n\n<p><strong>La conclusi\u00f3n es sencilla<\/strong>: el <strong>miedo es un virus mucho m\u00e1s peligroso que este Covid.<\/strong> El miedo disminuye tu inmunidad, te vuelve sumiso y te hace aceptar decisiones contrarias a la raz\u00f3n (vigilancia masiva, seguimiento, p\u00e9rdida gradual de tus libertades, vacunas t\u00f3xicas).&nbsp;  El profesor Didier Raoult afirma que no es necesario vacunar contra una enfermedad que no tiene propiedades inmunizantes.<\/p>\n\n\n\n<p>Todo lo que necesitas hacer es cambiar tu dieta, adoptar un estilo de vida saludable como se describe en este blog, no tengas miedo de  <a href=\"https:\/\/www.dr-trotta.fr\/coronavirus-conseils-de-prevention-et-de-traitement.html\" target=\"_blank\" rel=\"noreferrer noopener\">tratar la infecci\u00f3n como se explica en este art\u00edculo escrito al principio de la epidemia  <\/a>lo que ha permitido que quienes han seguido este consejo de sentido com\u00fan no hayan tenido que ser hospitalizados.<\/p>\n\n\n\n<h3 class=\"wp-block-heading\">26 razones objetivas para no tener miedo: He aqu\u00ed los comentarios de un colega suizo, con los que estoy 100% de acuerdo.<\/h3>\n\n\n\n<p>\u00abLa <em> \u00fanica manera de luchar contra la peste es&nbsp; honestidad\u00bb<\/em>&nbsp;Albert Camus, 1947<\/p>\n\n\n\n<p>1. Seg\u00fan los datos de los pa\u00edses y regiones mejor estudiados, la <strong>letalidad del Covid19&nbsp;se sit\u00faa por t\u00e9rmino medio en torno al 0,2%&nbsp;y es, por tanto, del orden de una gripe alta&nbsp;&nbsp; y unas veinte veces inferior a la inicialmente supuesta<\/strong>&nbsp;&nbsp; por la OMS.<\/p>\n\n\n\n<p>2. El <strong>riesgo de muerte<\/strong> para toda la poblaci\u00f3n en edad escolar y laboral, incluso en los \u00bb&nbsp;hotspots&nbsp;\u00bb del mundo, es del <strong>mismo orden que el riesgo de muerte durante los trayectos diarios<\/strong>en coche al trabajo <strong>&nbsp;&nbsp; .<\/strong><\/p>\n\n\n\n<p>3. <strong>El riesgo se sobrestim\u00f3 inicialmente<\/strong> porque no se incluy\u00f3 a las personas sin s\u00edntomas o con s\u00edntomas leves.<\/p>\n\n\n\n<p>4. Hasta el 80% de las personas que dan positivo no presentan s\u00edntomas&nbsp;&nbsp; . Incluso en el grupo de edad de 70-79 a\u00f1os,&nbsp;alrededor del 60%&nbsp;permanecen asintom\u00e1ticos. <strong>M\u00e1s del 95% de las personas tienen&nbsp;como mucho s\u00edntomas leves&nbsp;&nbsp; &nbsp; .<\/strong><\/p>\n\n\n\n<p>5. <strong>Hasta un tercio de la poblaci\u00f3n ya tiene inmunidad de base&nbsp;&nbsp; a Covid19<\/strong> por contacto con coronavirus anteriores (es decir, virus del resfriado).<\/p>\n\n\n\n<p>6. La edad media de las personas que fallecen en la mayor\u00eda de los pa\u00edses (incluida&nbsp;Italia&nbsp;) es superior a 80 a\u00f1os, y s\u00f3lo alrededor del&nbsp;1% de las personas&nbsp;que fallecen no hab\u00edan padecido ninguna enfermedad grave con anterioridad. <strong>Por tanto, el perfil de mortalidad corresponde esencialmente a&nbsp;mortalidad normal&nbsp;.<\/strong><\/p>\n\n\n\n<p>7. En la mayor\u00eda de los pa\u00edses, hasta el 50-70% de las muertes se han producido&nbsp;en residencias de ancianos&nbsp;, que no se benefician del internamiento general. Adem\u00e1s, a menudo no est\u00e1 claro&nbsp;&nbsp; si estas personas murieron realmente de Covid19 o&nbsp;por altos niveles de estr\u00e9s&nbsp;, miedo y&nbsp;soledad&nbsp;.<\/p>\n\n\n\n<p>8. <strong>Hasta el 50% del exceso de muertes no son&nbsp;&nbsp; causadas por Covid19<\/strong>, sino por los efectos de&nbsp;la contenci\u00f3n, el p\u00e1nico y el miedo&nbsp;. El tratamiento de infartos y accidentes vasculares, por ejemplo, ha retrocedido&nbsp;al 60&nbsp;%&nbsp;porque los pacientes ya no se atreven a acudir a los centros de tratamiento.<\/p>\n\n\n\n<p>9. Incluso en el caso de las denominadas \u00abmuertes Covid19&#8243;, a menudo no est\u00e1 claro&nbsp;&nbsp; si las personas murieron&nbsp;por&nbsp;o&nbsp;con&nbsp;el virus (es decir, muerte debida a una&nbsp;patolog\u00eda preexistente), o si se trataba de \u00bb&nbsp;casos sospechosos&nbsp;\u00ab, a los que simplemente&nbsp;no se hicieron pruebas. Cabe se\u00f1alar que las cifras oficiales&nbsp;&nbsp; reflejan&nbsp;a menudo no&nbsp;estas distinciones.<\/p>\n\n\n\n<p>10.  <strong>Los medios de comunicaci\u00f3n han informado en numerosas ocasiones<\/strong> de la muerte de personas j\u00f3venes y sanas a causa de Covid19,  result\u00f3 ser <strong>err\u00f3nea<\/strong>: muchas de estas personas son, de hecho, o bien&nbsp;no murieron&nbsp;de Covid19, o ya estaban&nbsp;gravemente enfermos&nbsp;de antemano (por ejemplo, leucemia no detectada), o ten\u00edan&nbsp;109 a\u00f1os en lugar de 9.<\/p>\n\n\n\n<p>11. La&nbsp;mortalidad global&nbsp;&nbsp; normal&nbsp;diaria en Estados Unidos es de unas 8.000, en Alemania de unas 2.600, en Italia de unas 1.800 y en Suiza de unas 200 personas al d\u00eda. La tasa de mortalidad por gripe&nbsp;&nbsp; en Estados Unidos puede alcanzar las 80.000 personas, en Alemania e Italia&nbsp;hasta 25.000&nbsp;y en Suiza hasta 2.500 personas por invierno. &nbsp;En varios pa\u00edses, Covid19 no ha alcanzado&nbsp;estos niveles.&nbsp;<\/p>\n\n\n\n<p>12. Las tasas de mortalidad muy elevadas, como en el norte de Italia, pueden estar influidas por factores de riesgo adicionales como una&nbsp;contaminaci\u00f3n atmosf\u00e9rica&nbsp;y un&nbsp;contaminaci\u00f3n microbiana&nbsp;y un&nbsp;colapso en la atenci\u00f3n a los ancianos y los cuidados de enfermer\u00eda&nbsp;debido a las infecciones, el p\u00e1nico masivo y el confinamiento. Las normativas especiales&nbsp;relativas a los difuntos han&nbsp;provocado a veces atascos adicionales en los entierros.<\/p>\n\n\n\n<p>13. En pa\u00edses como Italia y Espa\u00f1a, as\u00ed como en partes del Reino Unido y EE.UU., las oleadas de gripe ya han provocado la saturaci\u00f3n de los hospitales&nbsp;. Actualmente,&nbsp;hasta un 15%&nbsp;de m\u00e9dicos y enfermeras tienen que estar en cuarentena, aunque no presenten s\u00edntomas.<\/p>\n\n\n\n<p>14. Las curvas exponenciales que suelen presentarse con los \u00abcasos corona\u00bb son&nbsp;enga\u00f1osas, ya que el n\u00famero de pruebas tambi\u00e9n aumenta exponencialmente. En la mayor\u00eda de los pa\u00edses, la proporci\u00f3n de pruebas positivas con respecto a la prueba global (la denominada tasa de positivos) se mantiene&nbsp;constante entre el 5% y el 25%&nbsp;o aumenta s\u00f3lo ligeramente. <strong>El pico de infecciones se alcanz\u00f3 en la mayor\u00eda de los pa\u00edses&nbsp;antes de los confinamientos.<\/strong><\/p>\n\n\n\n<p>15.<strong> Los pa\u00edses&nbsp;sin&nbsp;confinamientos<\/strong> ni prohibiciones de contacto, como&nbsp;Jap\u00f3n,&nbsp;Corea del Sur&nbsp;y&nbsp;Suecia&nbsp;no han experimentado hasta ahora&nbsp;una tendencia m\u00e1s negativa&nbsp;que los dem\u00e1s pa\u00edses. <strong>Suecia incluso ha sido recientemente aclamada por la OMS como modelo ejemplar&nbsp;&nbsp; y goza actualmente de un alto nivel de inmunidad.<\/strong><\/p>\n\n\n\n<p>16. <strong>El temor a una escasez de respiradores artificiales era&nbsp;injustificado<\/strong>&nbsp;. Seg\u00fan los neum\u00f3logos&nbsp;&nbsp; , la ventilaci\u00f3n invasiva (intubaci\u00f3n) de los pacientes con Covid19, que en parte se&nbsp;deb\u00eda al miedo&nbsp;al virus, suele ser&nbsp;contraproducente&nbsp;y adem\u00e1s da\u00f1a los pulmones.<\/p>\n\n\n\n<p>17. Contrariamente a las hip\u00f3tesis iniciales,&nbsp;diversos estudios han demostrado&nbsp;que no existen&nbsp;pruebas&nbsp;de propagaci\u00f3n del virus por aerosoles (part\u00edculas transportadas por el aire) o por frotis (como los de las manillas de las puertas, los smartphones o en la peluquer\u00eda).<\/p>\n\n\n\n<p>18. Tampoco existe<strong>&nbsp;ninguna base cient\u00edfica&nbsp;que avale la eficacia de las mascarillas respiratorias&nbsp;en personas sanas&nbsp;&nbsp; &nbsp; o asintom\u00e1ticas&nbsp;&nbsp; .<\/strong>&nbsp;Por el contrario&nbsp;, los expertos advierten de que estas mascarillas impiden respirar y se convierten en&nbsp;\u00ablanzadores de g\u00e9rmenes\u00bb&nbsp;.<\/p>\n\n\n\n<p>19. <strong>Muchas cl\u00ednicas<\/strong> de Europa y Estados Unidos <strong>segu\u00edan infrautilizadas&nbsp;<\/strong>&nbsp; y a veces incluso ten\u00edan que recurrir a&nbsp;jornadas reducidas&nbsp;. Numerosas operaciones y terapias han sido anuladas&nbsp;&nbsp; , incluidos los trasplantes de \u00f3rganos \u00abno esenciales\u00bb y las pruebas de detecci\u00f3n del c\u00e1ncer.<\/p>\n\n\n\n<p>20. <strong>Varios medios de comunicaci\u00f3n se han visto sorprendidos por&nbsp;&nbsp; dramatizando la situaci\u00f3n en los hospitales,<\/strong> a veces incluso utilizando im\u00e1genes manipuladas. &nbsp;En general, las informaciones dudosas de&nbsp;en muchos medios de comunicaci\u00f3n han maximizado el miedo entre la poblaci\u00f3n.<\/p>\n\n\n\n<p>21. Los<strong> kits de pruebas de virus utilizados internacionalmente est\u00e1n&nbsp;sujetos a error&nbsp;<\/strong>y pueden dar resultados falsos positivos o falsos negativos. La prueba oficial del virus&nbsp;&nbsp; tampoco ha sido&nbsp;validada cl\u00ednicamente&nbsp;por falta de tiempo, y a veces tambi\u00e9n puede reaccionar a otros virus corona.<\/p>\n\n\n\n<p>22.&nbsp;Numerosos&nbsp;expertos&nbsp;de renombre internacional en los campos de la virolog\u00eda, la inmunolog\u00eda y la epidemiolog\u00eda&nbsp;consideran&nbsp;las medidas adoptadas como&nbsp;contra&nbsp;&#8211;&nbsp;productivas&nbsp;y recomiendan la r\u00e1pida inmunizaci\u00f3n natural&nbsp;de la poblaci\u00f3n general y la protecci\u00f3n de los grupos de riesgo. &nbsp;En&nbsp;nunca ha habido una raz\u00f3n m\u00e9dica para cerrar escuelas.<\/p>\n\n\n\n<p>23. <strong>Varios expertos han calificado las vacunas obligatorias contra el coronavirus de&nbsp;in\u00fatiles,&nbsp;o incluso&nbsp;peligrosas<\/strong>&nbsp;. De hecho, la llamada vacuna de la gripe porcina&nbsp;&nbsp; de 2009 caus\u00f3 graves da\u00f1os neurol\u00f3gicos&nbsp;&nbsp; y dio lugar a millones (de libras) de demandas de indemnizaci\u00f3n.<\/p>\n\n\n\n<p>24. El n\u00famero de personas de todo el mundo que sufren desempleo,&nbsp;&nbsp; problemas de salud mental y violencia dom\u00e9stica como consecuencia de las medidas anticorona se ha disparado&nbsp;&nbsp; .  <strong>Muchos expertos creen que las medidas anticorona&nbsp;causar\u00e1n m\u00e1s muertes&nbsp;que el propio virus.<\/strong> Seg\u00fan la ONU,&nbsp;millones de personas&nbsp;en todo el mundo est\u00e1n cayendo en la pobreza y la inanici\u00f3n absoluta.<\/p>\n\n\n\n<p>25. El informante de la NSA <strong>Edward Snowden&nbsp;advirti\u00f3 a&nbsp;de que la crisis de la corona estaba siendo utilizada para la expansi\u00f3n masiva y permanente de las herramientas de vigilancia global<\/strong>. El reputado vir\u00f3logo Pablo Goldschmidt&nbsp;habl\u00f3 en&nbsp;de <strong>\u00abterror medi\u00e1tico global\u00bb<\/strong> y <strong>\u00abmedidas totalitarias<\/strong>\u00ab. El infect\u00f3logo brit\u00e1nico John Oxford&nbsp;habl\u00f3 en&nbsp;de una <strong>\u00abepidemia medi\u00e1tica\u00bb<\/strong>.<\/p>\n\n\n\n<p>26.M\u00e1s de 500 cient\u00edficos&nbsp;han advertido a&nbsp;contra <strong> una \u00abvigilancia sin precedentes de la sociedad\u00bb<\/strong> a trav\u00e9s de problem\u00e1ticas aplicaciones de seguimiento de contactos. En algunos pa\u00edses, esta vigilancia de los contactos ya se realiza&nbsp;&nbsp; directamente por los servicios secretos. En todo el mundo, esto ha llevado a la vigilancia de la poblaci\u00f3n civil&nbsp;mediante drones&nbsp;y, en algunos casos, a una violencia policial masiva.<\/p>\n\n\n\n<p>M\u00e1s informaci\u00f3n<\/p>\n\n\n\n<figure class=\"wp-block-embed\"><div class=\"wp-block-embed__wrapper\">\nhttps:\/\/swprs.org\/coronavirus-un-medecin-suisse-parle\/\n<\/div><\/figure>\n\n\n\n<p>Dr. Pascal Trotta,&nbsp;<br><em>Antiguo internista de los Hospitales de Par\u00eds, m\u00e9dico especialista, radi\u00f3logo, home\u00f3pata, fundador del Institut de M\u00e9decine Naturelle de Saint S\u00e9bastien.<\/em><br>Paseo de los Fueros 3, 20005 San Sebasti\u00e1n, Pa\u00eds Vasco<\/p>\n\n\n\n<p>Solicitar una cita para una consulta con el Dr. Trotta<br>&#8211;<span style=\"color: #3366ff;\"> <a href=\"https:\/\/www.dr-trotta.fr\/linstitut\/prendre-rendez-vous\/\" target=\"_blank\" rel=\"noreferrer noopener\">in situ<\/a>. <\/span>   <br>&#8211; <span style=\"color: #3366ff;\"><a style=\"color: #3366ff;\" href=\"https:\/\/www.dr-trotta.fr\/consultation-de-medecine-en-ligne.html\">en l\u00ednea.<\/a>  <\/span>  <\/p>\n\n\n\n<p>Pida los suplementos naturales del Dr. Trotta:&nbsp;<\/p>\n\n\n\n<p>&#8211; Tel : <a href=\"tel:05%2054%2054%2044%2043\" target=\"_blank\" rel=\"noreferrer noopener\">05 54 54 44 43<\/a><br><span style=\"color: #3366ff;\">&#8211; <a href=\"https:\/\/app.dr-trotta.com\/\" target=\"_blank\" rel=\"noreferrer noopener\">Laboratorio del Dr. Trotta<\/a><\/span><br>&#8211; o haga clic a continuaci\u00f3n en la imagen del suplemento o envase que desee<\/p>\n","protected":false},"excerpt":{"rendered":"<p>No tengas miedo. Este virus es menos peligroso de lo que te dicen. Apague el televisor y encienda el cerebro.<\/p>\n","protected":false},"author":1,"featured_media":1170,"comment_status":"closed","ping_status":"open","sticky":false,"template":"","format":"standard","meta":{"_acf_changed":false,"_seopress_robots_primary_cat":"","_seopress_titles_title":"","_seopress_titles_desc":"","_seopress_robots_index":"","inline_featured_image":false,"footnotes":""},"categories":[185,190],"tags":[192],"class_list":["post-4567","post","type-post","status-publish","format-standard","has-post-thumbnail","hentry","category-consejos","category-covid19-es","tag-covid19-es"],"acf":[],"_links":{"self":[{"href":"https:\/\/www.dr-trotta.fr\/es\/wp-json\/wp\/v2\/posts\/4567","targetHints":{"allow":["GET"]}}],"collection":[{"href":"https:\/\/www.dr-trotta.fr\/es\/wp-json\/wp\/v2\/posts"}],"about":[{"href":"https:\/\/www.dr-trotta.fr\/es\/wp-json\/wp\/v2\/types\/post"}],"author":[{"embeddable":true,"href":"https:\/\/www.dr-trotta.fr\/es\/wp-json\/wp\/v2\/users\/1"}],"replies":[{"embeddable":true,"href":"https:\/\/www.dr-trotta.fr\/es\/wp-json\/wp\/v2\/comments?post=4567"}],"version-history":[{"count":1,"href":"https:\/\/www.dr-trotta.fr\/es\/wp-json\/wp\/v2\/posts\/4567\/revisions"}],"predecessor-version":[{"id":5608,"href":"https:\/\/www.dr-trotta.fr\/es\/wp-json\/wp\/v2\/posts\/4567\/revisions\/5608"}],"wp:featuredmedia":[{"embeddable":true,"href":"https:\/\/www.dr-trotta.fr\/es\/wp-json\/wp\/v2\/media\/1170"}],"wp:attachment":[{"href":"https:\/\/www.dr-trotta.fr\/es\/wp-json\/wp\/v2\/media?parent=4567"}],"wp:term":[{"taxonomy":"category","embeddable":true,"href":"https:\/\/www.dr-trotta.fr\/es\/wp-json\/wp\/v2\/categories?post=4567"},{"taxonomy":"post_tag","embeddable":true,"href":"https:\/\/www.dr-trotta.fr\/es\/wp-json\/wp\/v2\/tags?post=4567"}],"curies":[{"name":"wp","href":"https:\/\/api.w.org\/{rel}","templated":true}]}}