{"id":4571,"date":"2015-10-10T13:28:19","date_gmt":"2015-10-10T11:28:19","guid":{"rendered":"https:\/\/www.dr-trotta.fr\/lalimentation-vivante-une-medecine-a-part-entiere-preventive-et-curative-del-dr-trotta-1a-edicion-cap1-y-2-en-linea\/"},"modified":"2024-10-09T10:55:18","modified_gmt":"2024-10-09T08:55:18","slug":"lalimentation-vivante-une-medecine-a-part-entiere-preventive-et-curative-del-dr-trotta-1a-edicion-cap1-y-2-en-linea","status":"publish","type":"post","link":"https:\/\/www.dr-trotta.fr\/es\/lalimentation-vivante-une-medecine-a-part-entiere-preventive-et-curative-del-dr-trotta-1a-edicion-cap1-y-2-en-linea\/","title":{"rendered":"\u00abL&#8217;alimentation vivante, une m\u00e9decine \u00e0 part enti\u00e8re pr\u00e9ventive et curative\u00bb del dr trotta. 1\u00aa edici\u00f3n . Cap1 y 2 en l\u00ednea\u00bb."},"content":{"rendered":"\n<p><img decoding=\"async\" class=\"img-responsive\" style=\"margin: 10px; float: left;\" src=\"https:\/\/www.dr-trotta.fr\/wp-content\/uploads\/thelia\/upload\/LIVRES\/Titre%20article.jpg\" alt=\"\">Os pongo en l\u00ednea los cap\u00edtulos 1 y 2 de mi libro sobre la alimentaci\u00f3n (1\u00aa edici\u00f3n publicada por el P. X de Guibert, ya agotada).<\/p>\n\n\n\n<p>Para informarle de que debe comer bien si no quiere caer enfermo.<\/p>\n\n\n\n<p>Que una dieta sana es mil veces m\u00e1s poderosa que todas las vacunas del mundo y que cualquier medicamento.<\/p>\n\n\n\n<p>En efecto, la alimentaci\u00f3n es la primera forma de medicina, la segunda es la medicina qu\u00edmica y la tercera la cirug\u00eda.<\/p>\n\n\n\n<p>Es un m\u00e9dico libre el que te dice esto.<\/p>\n\n\n\n<p>Si quiere saber m\u00e1s, puede <a href=\"https:\/\/app.dr-trotta.com\/livres\/livre-lalimentation-vivante-la-1ere-medecine\" target=\"_blank\" rel=\"noreferrer noopener\">comprar la segunda edici\u00f3n del libro<\/a> o descargarlo en l\u00ednea desde la tienda.<\/p>\n\n\n\n<p>Prof. Dr. Pascal Trotta<\/p>\n","protected":false},"excerpt":{"rendered":"<p>\u00abL&#8217;alimentation, une m\u00e9decine \u00e0 part enti\u00e8re pr\u00e9ventive et curative\u00bb, primera edici\u00f3n del libro del Dr. Pascal Trotta, publicado en 2009 por el P. X de Guibert y actualmente agotado. Los 2 primeros cap\u00edtulos ya est\u00e1n en l\u00ednea.<\/p>\n","protected":false},"author":1,"featured_media":1554,"comment_status":"closed","ping_status":"open","sticky":false,"template":"","format":"standard","meta":{"_acf_changed":false,"_seopress_robots_primary_cat":"","_seopress_titles_title":"","_seopress_titles_desc":"","_seopress_robots_index":"","inline_featured_image":false,"footnotes":""},"categories":[199,185,224],"tags":[],"class_list":["post-4571","post","type-post","status-publish","format-standard","has-post-thumbnail","hentry","category-alimentacion","category-consejos","category-diagnostico-preventivo"],"acf":[],"_links":{"self":[{"href":"https:\/\/www.dr-trotta.fr\/es\/wp-json\/wp\/v2\/posts\/4571","targetHints":{"allow":["GET"]}}],"collection":[{"href":"https:\/\/www.dr-trotta.fr\/es\/wp-json\/wp\/v2\/posts"}],"about":[{"href":"https:\/\/www.dr-trotta.fr\/es\/wp-json\/wp\/v2\/types\/post"}],"author":[{"embeddable":true,"href":"https:\/\/www.dr-trotta.fr\/es\/wp-json\/wp\/v2\/users\/1"}],"replies":[{"embeddable":true,"href":"https:\/\/www.dr-trotta.fr\/es\/wp-json\/wp\/v2\/comments?post=4571"}],"version-history":[{"count":1,"href":"https:\/\/www.dr-trotta.fr\/es\/wp-json\/wp\/v2\/posts\/4571\/revisions"}],"predecessor-version":[{"id":5634,"href":"https:\/\/www.dr-trotta.fr\/es\/wp-json\/wp\/v2\/posts\/4571\/revisions\/5634"}],"wp:featuredmedia":[{"embeddable":true,"href":"https:\/\/www.dr-trotta.fr\/es\/wp-json\/wp\/v2\/media\/1554"}],"wp:attachment":[{"href":"https:\/\/www.dr-trotta.fr\/es\/wp-json\/wp\/v2\/media?parent=4571"}],"wp:term":[{"taxonomy":"category","embeddable":true,"href":"https:\/\/www.dr-trotta.fr\/es\/wp-json\/wp\/v2\/categories?post=4571"},{"taxonomy":"post_tag","embeddable":true,"href":"https:\/\/www.dr-trotta.fr\/es\/wp-json\/wp\/v2\/tags?post=4571"}],"curies":[{"name":"wp","href":"https:\/\/api.w.org\/{rel}","templated":true}]}}